{"id":5046,"date":"2025-09-19T14:06:00","date_gmt":"2025-09-19T17:06:00","guid":{"rendered":"https:\/\/isef2-caba.infd.edu.ar\/sitio\/?p=5046"},"modified":"2025-09-20T10:34:45","modified_gmt":"2025-09-20T13:34:45","slug":"programa-del-congreso-inscripcion-abierta","status":"publish","type":"post","link":"https:\/\/isef2-caba.infd.edu.ar\/sitio\/programa-del-congreso-inscripcion-abierta\/","title":{"rendered":"Programa del Congreso- Inscripci\u00f3n abierta"},"content":{"rendered":"\n<p>Estimada Comunidad, les compartimos el<a rel=\"noreferrer noopener\" href=\"https:\/\/drive.google.com\/file\/d\/10zOXO18qMMjqExcvEMkdxe0_NizmsK5F\/view\" target=\"_blank\">&nbsp;<strong>Programa completo<\/strong><\/a>, que incluye m\u00faltiples propuestas muy interesantes.<br>La&nbsp;<strong>participaci\u00f3n es gratuita<\/strong>, una gran oportunidad para seguir aprendiendo y, adem\u00e1s, \u00a1en nuestra propia casa!<\/p>\n\n\n\n<p>Este encuentro est\u00e1 abierto a&nbsp;<strong>todos los profesores de Educaci\u00f3n F\u00edsica<\/strong>&nbsp;que deseen participar, as\u00ed como a&nbsp;<strong>colegas, egresados y docentes de otras instituciones, por eso les pedimos compartir.<\/strong><\/p>\n\n\n\n<p>Las&nbsp;<strong>disertaciones del jueves y viernes<\/strong>&nbsp;se llevar\u00e1n a cabo en el Instituto.<\/p>\n\n\n\n<p>Los esperamos con mucha alegr\u00eda. Venimos trabajando desde hace varios meses para que sean d\u00edas muy enriquecedores y de encuentro.<\/p>\n\n\n\n<p>\u00a1Nos vemos pronto!<\/p>\n\n\n\n<div class=\"wp-block-buttons is-content-justification-center is-layout-flex wp-container-1\">\n<div class=\"wp-block-button\"><a class=\"wp-block-button__link has-text-align-center wp-element-button\" href=\"https:\/\/docs.google.com\/forms\/d\/e\/1FAIpQLSdgZ5GTUDsto7_PIMr_Q43hsXW__VjJqjP6ERtfHYlfg38ICw\/viewform\" target=\"_blank\" rel=\"noreferrer noopener\">Inscribite ac\u00e1<\/a><\/div>\n<\/div>\n","protected":false},"excerpt":{"rendered":"<p>Estimada Comunidad, les compartimos el&nbsp;Programa completo, que incluye m\u00faltiples propuestas muy interesantes.La&nbsp;participaci\u00f3n es gratuita, una gran oportunidad para seguir aprendiendo y, adem\u00e1s, \u00a1en nuestra propia casa! Este encuentro est\u00e1 abierto a&nbsp;todos los profesores de Educaci\u00f3n F\u00edsica&nbsp;que deseen participar, as\u00ed como a&nbsp;colegas, egresados y docentes de otras instituciones, por eso les pedimos compartir. Las&nbsp;disertaciones del jueves &#8230; <a title=\"Programa del Congreso- Inscripci\u00f3n abierta\" class=\"read-more\" href=\"https:\/\/isef2-caba.infd.edu.ar\/sitio\/programa-del-congreso-inscripcion-abierta\/\" aria-label=\"More on Programa del Congreso- Inscripci\u00f3n abierta\">[+]<\/a><\/p>\n","protected":false},"author":1468,"featured_media":0,"comment_status":"open","ping_status":"open","sticky":false,"template":"","format":"standard","meta":[],"categories":[1],"tags":[],"acf":[],"_links":{"self":[{"href":"https:\/\/isef2-caba.infd.edu.ar\/sitio\/wp-json\/wp\/v2\/posts\/5046"}],"collection":[{"href":"https:\/\/isef2-caba.infd.edu.ar\/sitio\/wp-json\/wp\/v2\/posts"}],"about":[{"href":"https:\/\/isef2-caba.infd.edu.ar\/sitio\/wp-json\/wp\/v2\/types\/post"}],"author":[{"embeddable":true,"href":"https:\/\/isef2-caba.infd.edu.ar\/sitio\/wp-json\/wp\/v2\/users\/1468"}],"replies":[{"embeddable":true,"href":"https:\/\/isef2-caba.infd.edu.ar\/sitio\/wp-json\/wp\/v2\/comments?post=5046"}],"version-history":[{"count":2,"href":"https:\/\/isef2-caba.infd.edu.ar\/sitio\/wp-json\/wp\/v2\/posts\/5046\/revisions"}],"predecessor-version":[{"id":5049,"href":"https:\/\/isef2-caba.infd.edu.ar\/sitio\/wp-json\/wp\/v2\/posts\/5046\/revisions\/5049"}],"wp:attachment":[{"href":"https:\/\/isef2-caba.infd.edu.ar\/sitio\/wp-json\/wp\/v2\/media?parent=5046"}],"wp:term":[{"taxonomy":"category","embeddable":true,"href":"https:\/\/isef2-caba.infd.edu.ar\/sitio\/wp-json\/wp\/v2\/categories?post=5046"},{"taxonomy":"post_tag","embeddable":true,"href":"https:\/\/isef2-caba.infd.edu.ar\/sitio\/wp-json\/wp\/v2\/tags?post=5046"}],"curies":[{"name":"wp","href":"https:\/\/api.w.org\/{rel}","templated":true}]}}